{"id":630,"date":"2024-07-23T18:38:51","date_gmt":"2024-07-23T18:38:51","guid":{"rendered":"https:\/\/olep.es\/?p=630"},"modified":"2024-07-23T18:38:51","modified_gmt":"2024-07-23T18:38:51","slug":"las-mentiras-de-juan-franco-capitulo-4-av-espana-o-cap-5-o-6-la-verdad-es-que-ya-ni-se-sabe","status":"publish","type":"post","link":"https:\/\/olep.es\/?p=630","title":{"rendered":"LAS MENTIRAS DE JUAN FRANCO: CAP\u00cdTULO 4. Av. ESPA\u00d1A \u2026 \u00f3 Cap. 5, \u2026 \u00f3 6, la verdad es que ya ni se sabe."},"content":{"rendered":"\n<p>Otra L\u00ednea es Posible se ve, una vez m\u00e1s, en la obligaci\u00f3n de destapar el reguero de mentiras que el alcalde Juan Franco ha puesto en circulaci\u00f3n para enga\u00f1ar a los linenses y esconder la realidad:<\/p>\n\n\n\n<p><em>\u00a1\u00a1la obra de reurbanizaci\u00f3n de la antigua Av. Espa\u00f1a ha sido otra chapuza m\u00e1s!!<\/em><\/p>\n\n\n\n<p>Eso s\u00ed, desmontar el cuento es muy sencillo. No hay m\u00e1s que ir desgranando todas y cada una de las mentiras que Franco ha usado para justificar la mala gesti\u00f3n llevada a cabo por \u00e9l y por su equipo.<\/p>\n\n\n\n<ul class=\"wp-block-list\">\n<li><em>\u201cnos hemos encontrado un problema en la ejecuci\u00f3n de la obra\u2026\u201d<\/em><\/li>\n<\/ul>\n\n\n\n<p>\u00a1FALSO!<\/p>\n\n\n\n<p>No, no se lo ha encontrado ahora ya que Otra L\u00ednea es Posible ya hab\u00eda advertido en varias ocasiones de que esto iba a pasar. Y, lo peor, es que Juan Franco contaba con un informe de dos t\u00e9cnicos municipales cualificados \u00a1\u00a1desde enero de 2024!! advirtiendo fallos en los c\u00e1lculos del firme y de la capa de rodadura. Fallos que podr\u00edan ocasionar futuros desperfectos.<\/p>\n\n\n\n<ul class=\"wp-block-list\">\n<li><em>\u201cse han sustituido materiales\u2026\u201d<\/em><\/li>\n<\/ul>\n\n\n\n<p>\u00a1FALSO!<\/p>\n\n\n\n<p>En varias ocasiones hemos publicado fotos de sumideros oxidados, tapas de pozos reutilizadas y, es m\u00e1s, sin el sello de garant\u00eda de calidad necesario para una obra de este calado y con este coste \u00bfY la respuesta municipal cual fue? \u00a1pintarlo todo de negro para esconder los fallos!<\/p>\n\n\n\n<ul class=\"wp-block-list\">\n<li><em>\u201csin coste para el Ayto\u2026\u201d<\/em><\/li>\n<\/ul>\n\n\n\n<p>Bueno, esto puede que no sea falso\u2026 pero es \u00a1CINICO! a m\u00e1s no poder.<\/p>\n\n\n\n<p>Claro que sin coste para el ayuntamiento, pero a los vecinos se les ha tenido un a\u00f1o pag\u00e1ndose garajes privados en otras zonas porque las obras se eternizaban. Ahora se dice que durar\u00e1 una semana \u00bfQui\u00e9n se lo cree? Obvio Sr. Franco, el coste no es para Ud. \u00a1ES PARA LOS VECINOS!<\/p>\n\n\n\n<ul class=\"wp-block-list\">\n<li><em>\u201cfresado y sustituci\u00f3n del asfalto\u2026\u201d<\/em><\/li>\n<\/ul>\n\n\n\n<p>\u00a1FALSO! Es totalmente falso que esa nueva chapuza vaya a arreglar el problema. Es poner un parche sin cubrir el agujero. Vamos a ver, \u00a1\u00a1que hay un informe t\u00e9cnico que advierte claramente de que se han hecho mal los c\u00e1lculos del cimiento del firme!!<\/p>\n\n\n\n<p>Es como si tu casa se est\u00e1 agrietando porque los cimientos no soportan la estructura y te pones a sustituir las tejas por otras nuevas. Sr. Franco \u00a1deje de enga\u00f1ar a los ciudadanos y ponga de una vez a los t\u00e9cnicos municipales competentes a recalcular todo el proyecto! O en varios meses volveremos a ver el firme en mal estado. Y entonces, \u00a1ya no habr\u00e1 garant\u00eda que lo cubra!<\/p>\n\n\n\n<p>Admita la verdad Sr Franco: \u00a1Ud. conoc\u00eda los fallos en el dise\u00f1o! y ha permitido la ejecuci\u00f3n a sabiendas de que luego habr\u00eda que repararla, porque su ego necesitaba imperiosamente abrir la Calle Espa\u00f1a para hacerse los selfis en la Cabalgata de la Feria.<\/p>\n\n\n\n<p>Ah, y despu\u00e9s \u00a1haga dimitir a los responsables de este desastre!<\/p>\n\n\n\n<p><\/p>\n","protected":false},"excerpt":{"rendered":"<p>Otra L\u00ednea es Posible se ve, una vez m\u00e1s, en la obligaci\u00f3n de destapar el reguero de mentiras que el alcalde Juan Franco ha puesto en circulaci\u00f3n para enga\u00f1ar a los linenses y esconder la realidad: \u00a1\u00a1la obra de reurbanizaci\u00f3n de la antigua Av. Espa\u00f1a ha sido otra chapuza m\u00e1s!! Eso s\u00ed, desmontar el cuento&#8230;<\/p>\n","protected":false},"author":1,"featured_media":0,"comment_status":"open","ping_status":"open","sticky":false,"template":"","format":"standard","meta":{"_kadence_starter_templates_imported_post":false,"_kad_post_transparent":"","_kad_post_title":"","_kad_post_layout":"","_kad_post_sidebar_id":"","_kad_post_content_style":"","_kad_post_vertical_padding":"","_kad_post_feature":"","_kad_post_feature_position":"","_kad_post_header":false,"_kad_post_footer":false,"_kad_post_classname":"","_joinchat":[],"footnotes":""},"categories":[1],"tags":[],"class_list":["post-630","post","type-post","status-publish","format-standard","hentry","category-uncategorized"],"_links":{"self":[{"href":"https:\/\/olep.es\/index.php?rest_route=\/wp\/v2\/posts\/630","targetHints":{"allow":["GET"]}}],"collection":[{"href":"https:\/\/olep.es\/index.php?rest_route=\/wp\/v2\/posts"}],"about":[{"href":"https:\/\/olep.es\/index.php?rest_route=\/wp\/v2\/types\/post"}],"author":[{"embeddable":true,"href":"https:\/\/olep.es\/index.php?rest_route=\/wp\/v2\/users\/1"}],"replies":[{"embeddable":true,"href":"https:\/\/olep.es\/index.php?rest_route=%2Fwp%2Fv2%2Fcomments&post=630"}],"version-history":[{"count":1,"href":"https:\/\/olep.es\/index.php?rest_route=\/wp\/v2\/posts\/630\/revisions"}],"predecessor-version":[{"id":631,"href":"https:\/\/olep.es\/index.php?rest_route=\/wp\/v2\/posts\/630\/revisions\/631"}],"wp:attachment":[{"href":"https:\/\/olep.es\/index.php?rest_route=%2Fwp%2Fv2%2Fmedia&parent=630"}],"wp:term":[{"taxonomy":"category","embeddable":true,"href":"https:\/\/olep.es\/index.php?rest_route=%2Fwp%2Fv2%2Fcategories&post=630"},{"taxonomy":"post_tag","embeddable":true,"href":"https:\/\/olep.es\/index.php?rest_route=%2Fwp%2Fv2%2Ftags&post=630"}],"curies":[{"name":"wp","href":"https:\/\/api.w.org\/{rel}","templated":true}]}}