{"id":573,"date":"2024-03-08T10:15:09","date_gmt":"2024-03-08T10:15:09","guid":{"rendered":"https:\/\/olep.es\/?p=573"},"modified":"2024-03-09T09:39:16","modified_gmt":"2024-03-09T09:39:16","slug":"las-mentiras-de-juan-franco-capitulo-ivno-venimos-a-lucrarnos-de-la-politica","status":"publish","type":"post","link":"https:\/\/olep.es\/?p=573","title":{"rendered":"LAS MENTIRAS DE JUAN FRANCO, CAPITULO IV: \u201cNO VENIMOS A LUCRARNOS DE LA POL\u00cdTICA\u201d.                                                                                                                                                                                     La L\u00ednea 100&#215;100 (2015)"},"content":{"rendered":"\n<h2 class=\"wp-block-heading\"><\/h2>\n\n\n\n<p><em>El Ayuntamiento vive una tensa situaci\u00f3n con algunos trabajadores municipales                           OLEp se pregunta \u00bfpredica La L\u00ednea 100\u00d7100 con el ejemplo en el tema salarial?<\/em>  <\/p>\n\n\n\n<p>Para Otra L\u00ednea es Posible \u00abpese al empe\u00f1o del equipo de gobierno linense, neg\u00e1ndonos los datos que solicitamos, pretendemos seguir aportando toda la informaci\u00f3n que podamos a los linenses para que puedan formarse una mejor opini\u00f3n. OLEp entiende que es necesario que los ciudadanos tengan toda la informaci\u00f3n relativa al dinero p\u00fablico que est\u00e1 acabando en los bolsillos de quienes se acercaron a la pol\u00edtica municipal en 2015 asegurando que no buscaban beneficio econ\u00f3mico alguno.<\/p>\n\n\n\n<p>El Pleno del Ayuntamiento linense aprob\u00f3 una retribuci\u00f3n de alrededor de 45.000 euros para cada uno de los concejales con dedicaci\u00f3n exclusiva. No hace falta decir que pocos ciudadanos cuentan con una retribuci\u00f3n de ese nivel. Por lo que, seg\u00fan el lema de la formaci\u00f3n pol\u00edtica anaranjada, tales ingresos deber\u00edan ser m\u00e1s que suficientes.<\/p>\n\n\n\n<p>En cambio, seg\u00fan los datos p\u00fablicos, insistimos en lo de p\u00fablicos, a los que se puede acceder desde los portales de transparencia de las administraciones, el concejal Manuel Abell\u00e1n pasa a cobrar 55.000 euros en Mancomunidad. Lo m\u00e1s curioso es que quien deber\u00eda cobrar su sueldo de Mancomunidad es el Teniente de Alcalde, Vicepresidente de Mancomunidad y Vicepresidente del Consejo de Administraci\u00f3n de Arcgisa, Juan Mac\u00edas. Sin embargo, el sueldo de 55.000 euros como delegado en mancomunidad deb\u00eda ser insuficiente y pasa a percibir 67.000 euros de la Diputaci\u00f3n de C\u00e1diz. \u00a1Ojo! sin ser ni siquiera diputado provincial, ya que percibe su salario como personal eventual de confianza. Esto es a\u00fan m\u00e1s chocante si se compara con el de la propia Presidenta de esta administraci\u00f3n que cobra 59.000 euros. De manera que \u00a1el vicepresidente percibe una mayor cuant\u00eda que la propia presidenta!<\/p>\n\n\n\n<p>En parecida situaci\u00f3n se encuentra otra concejala, que repetimos, deber\u00eda percibir alrededor de 45.000 euros anuales correspondientes a su dedicaci\u00f3n exclusiva y, en cambio, ha sido tambi\u00e9n contratada como personal eventual de confianza de la Diputaci\u00f3n de C\u00e1diz con un sueldo de 67.000 euros anuales. \u00a1Y eso que LL100x100 presum\u00eda de no tener personal de confianza a sueldo!<\/p>\n\n\n\n<p>En resumen, que quien deber\u00eda cobra 44 en el ayuntamiento acaba cobrando 55 en Mancomunidad\u2026 quien deb\u00eda cobra 55 en Mancomunidad pasa a ganar 67 en Diputaci\u00f3n\u2026 el alcalde, ni se sabe y todo esto sin mencionar que el portavoz del grupo de LL100x100 en Diputaci\u00f3n percibe un sueldo anual de 71.000 euros.<\/p>\n\n\n\n<p>Y lo peor de todo es que LL100x100 sigue subiendo impuestos a los linenses, como el recibo de la basura que acaban de subir nada menos que un 60%. Claro, con tanto sueldo que cubrir\u2026\u00bb<\/p>\n\n\n\n<h2 class=\"wp-block-heading\"><\/h2>\n\n\n\n<h2 class=\"wp-block-heading\"><\/h2>\n","protected":false},"excerpt":{"rendered":"<p>El Ayuntamiento vive una tensa situaci\u00f3n con algunos trabajadores municipales OLEp se pregunta \u00bfpredica La L\u00ednea 100\u00d7100 con el ejemplo en el tema salarial? Para Otra L\u00ednea es Posible \u00abpese al empe\u00f1o del equipo de gobierno linense, neg\u00e1ndonos los datos que solicitamos, pretendemos seguir aportando toda la informaci\u00f3n que podamos a los linenses para que&#8230;<\/p>\n","protected":false},"author":1,"featured_media":575,"comment_status":"closed","ping_status":"closed","sticky":false,"template":"","format":"standard","meta":{"_kadence_starter_templates_imported_post":false,"_kad_post_transparent":"","_kad_post_title":"default","_kad_post_layout":"","_kad_post_sidebar_id":"","_kad_post_content_style":"","_kad_post_vertical_padding":"","_kad_post_feature":"","_kad_post_feature_position":"","_kad_post_header":false,"_kad_post_footer":false,"_kad_post_classname":"","_joinchat":[],"footnotes":""},"categories":[1],"tags":[],"class_list":["post-573","post","type-post","status-publish","format-standard","has-post-thumbnail","hentry","category-uncategorized"],"_links":{"self":[{"href":"https:\/\/olep.es\/index.php?rest_route=\/wp\/v2\/posts\/573","targetHints":{"allow":["GET"]}}],"collection":[{"href":"https:\/\/olep.es\/index.php?rest_route=\/wp\/v2\/posts"}],"about":[{"href":"https:\/\/olep.es\/index.php?rest_route=\/wp\/v2\/types\/post"}],"author":[{"embeddable":true,"href":"https:\/\/olep.es\/index.php?rest_route=\/wp\/v2\/users\/1"}],"replies":[{"embeddable":true,"href":"https:\/\/olep.es\/index.php?rest_route=%2Fwp%2Fv2%2Fcomments&post=573"}],"version-history":[{"count":11,"href":"https:\/\/olep.es\/index.php?rest_route=\/wp\/v2\/posts\/573\/revisions"}],"predecessor-version":[{"id":585,"href":"https:\/\/olep.es\/index.php?rest_route=\/wp\/v2\/posts\/573\/revisions\/585"}],"wp:featuredmedia":[{"embeddable":true,"href":"https:\/\/olep.es\/index.php?rest_route=\/wp\/v2\/media\/575"}],"wp:attachment":[{"href":"https:\/\/olep.es\/index.php?rest_route=%2Fwp%2Fv2%2Fmedia&parent=573"}],"wp:term":[{"taxonomy":"category","embeddable":true,"href":"https:\/\/olep.es\/index.php?rest_route=%2Fwp%2Fv2%2Fcategories&post=573"},{"taxonomy":"post_tag","embeddable":true,"href":"https:\/\/olep.es\/index.php?rest_route=%2Fwp%2Fv2%2Ftags&post=573"}],"curies":[{"name":"wp","href":"https:\/\/api.w.org\/{rel}","templated":true}]}}